{"id":10619,"date":"2024-03-25T16:07:01","date_gmt":"2024-03-25T15:07:01","guid":{"rendered":"https:\/\/rosasinmobiliarias.com\/illes-medes\/"},"modified":"2024-03-25T16:07:01","modified_gmt":"2024-03-25T15:07:01","slug":"illes-medes","status":"publish","type":"post","link":"https:\/\/rosasinmobiliarias.com\/ca\/illes-medes\/","title":{"rendered":"Illes Medes"},"content":{"rendered":"<p>Les illes Medes s\u00f3n un arxip\u00e8lag situat al mar Mediterrani format per unes set illes i alguns illots davant de la costa de Catalunya (nord-est d&#8217;Espanya). T\u00e9 una superf\u00edcie aproximada de 21,5 ha. Posseeix un fons mar\u00ed, afavorit per la proximitat a la desembocadura del riu Ter, que atrau nombrosos investigadors que l&#8217;estudien cada any fent d&#8217;aquesta reserva mar\u00edtima una de les m\u00e9s importants de la Mediterr\u00e0nia i la m\u00e9s gran en extensi\u00f3 de Catalunya. L&#8217;illa amb m\u00e9s longitud del grup \u00e9s la Meda Gran. Estan declarades com a ZEPIM.<\/p>\n<p>Alguns noms de les illes d&#8217;aquest arxip\u00e8lag s\u00f3n el Medallot, la Meda Petita, les Ferrenelles, el Tasc\u00f3 Gros, el Tasc\u00f3 petit i el Cavall Bernat.<\/p>\n<p>Les restes de naufragis que s&#8217;han trobat proven que les illes van ser transitades per l&#8217;home des de fa molt de temps, sent sovint una base dels pirates per a les seves incursions a la costa. Fins a 1934 van estar habitades.<\/p>\n<p>La protecci\u00f3 de les illes es va iniciar el 1983 amb una Ordre de la Generalitat de Catalunya. El 1985 una resoluci\u00f3 va establir normes de compliment obligatori a la zona vetada. El 1990, integrant-se uns anys m\u00e9s tard al PEIN, es va promulgar una llei per a la protecci\u00f3 i conservaci\u00f3 de la flora i fauna del fons mar\u00ed de les Illes Medes i de la part de costa del Montgr\u00ed, entre la Roca del Molinet i Punta Salines .<\/p>\n","protected":false},"excerpt":{"rendered":"<p>Les illes Medes s\u00f3n un arxip\u00e8lag situat al mar Mediterrani format per unes set illes i alguns illots davant de la costa de Catalunya (nord-est d&#8217;Espanya). <\/p>\n","protected":false},"author":1,"featured_media":2488,"comment_status":"closed","ping_status":"open","sticky":false,"template":"","format":"standard","meta":{"site-sidebar-layout":"default","site-content-layout":"","ast-site-content-layout":"default","site-content-style":"default","site-sidebar-style":"default","ast-global-header-display":"","ast-banner-title-visibility":"","ast-main-header-display":"","ast-hfb-above-header-display":"","ast-hfb-below-header-display":"","ast-hfb-mobile-header-display":"","site-post-title":"","ast-breadcrumbs-content":"","ast-featured-img":"","footer-sml-layout":"","ast-disable-related-posts":"","theme-transparent-header-meta":"","adv-header-id-meta":"","stick-header-meta":"","header-above-stick-meta":"","header-main-stick-meta":"","header-below-stick-meta":"","astra-migrate-meta-layouts":"set","ast-page-background-enabled":"default","ast-page-background-meta":{"desktop":{"background-color":"var(--ast-global-color-4)","background-image":"","background-repeat":"repeat","background-position":"center center","background-size":"auto","background-attachment":"scroll","background-type":"","background-media":"","overlay-type":"","overlay-color":"","overlay-opacity":"","overlay-gradient":""},"tablet":{"background-color":"","background-image":"","background-repeat":"repeat","background-position":"center center","background-size":"auto","background-attachment":"scroll","background-type":"","background-media":"","overlay-type":"","overlay-color":"","overlay-opacity":"","overlay-gradient":""},"mobile":{"background-color":"","background-image":"","background-repeat":"repeat","background-position":"center center","background-size":"auto","background-attachment":"scroll","background-type":"","background-media":"","overlay-type":"","overlay-color":"","overlay-opacity":"","overlay-gradient":""}},"ast-content-background-meta":{"desktop":{"background-color":"var(--ast-global-color-5)","background-image":"","background-repeat":"repeat","background-position":"center center","background-size":"auto","background-attachment":"scroll","background-type":"","background-media":"","overlay-type":"","overlay-color":"","overlay-opacity":"","overlay-gradient":""},"tablet":{"background-color":"var(--ast-global-color-5)","background-image":"","background-repeat":"repeat","background-position":"center center","background-size":"auto","background-attachment":"scroll","background-type":"","background-media":"","overlay-type":"","overlay-color":"","overlay-opacity":"","overlay-gradient":""},"mobile":{"background-color":"var(--ast-global-color-5)","background-image":"","background-repeat":"repeat","background-position":"center center","background-size":"auto","background-attachment":"scroll","background-type":"","background-media":"","overlay-type":"","overlay-color":"","overlay-opacity":"","overlay-gradient":""}},"footnotes":""},"categories":[328],"tags":[],"class_list":["post-10619","post","type-post","status-publish","format-standard","has-post-thumbnail","hentry","category-punts-d-interes"],"yoast_head":"<!-- This site is optimized with the Yoast SEO plugin v27.4 - https:\/\/yoast.com\/product\/yoast-seo-wordpress\/ -->\n<title>Illes Medes - Rosas Inmobiliarias - Venta y alquiler de apartamentos y casas en Roses, Girona<\/title>\n<meta name=\"robots\" content=\"index, follow, max-snippet:-1, max-image-preview:large, max-video-preview:-1\" \/>\n<link rel=\"canonical\" href=\"https:\/\/rosasinmobiliarias.com\/ca\/illes-medes\/\" \/>\n<meta property=\"og:locale\" content=\"ca_ES\" \/>\n<meta property=\"og:type\" content=\"article\" \/>\n<meta property=\"og:title\" content=\"Illes Medes - Rosas Inmobiliarias - Venta y alquiler de apartamentos y casas en Roses, Girona\" \/>\n<meta property=\"og:description\" content=\"Les illes Medes s\u00f3n un arxip\u00e8lag situat al mar Mediterrani format per unes set illes i alguns illots davant de la costa de Catalunya (nord-est d&#039;Espanya).\" \/>\n<meta property=\"og:url\" content=\"https:\/\/rosasinmobiliarias.com\/ca\/illes-medes\/\" \/>\n<meta property=\"og:site_name\" content=\"Rosas Inmobiliarias - Venta y alquiler de apartamentos y casas en Roses, Girona\" \/>\n<meta property=\"article:published_time\" content=\"2024-03-25T15:07:01+00:00\" \/>\n<meta property=\"og:image\" content=\"https:\/\/rosasinmobiliarias.com\/wp-content\/uploads\/2024\/03\/medes.jpg\" \/>\n\t<meta property=\"og:image:width\" content=\"500\" \/>\n\t<meta property=\"og:image:height\" content=\"338\" \/>\n\t<meta property=\"og:image:type\" content=\"image\/jpeg\" \/>\n<meta name=\"author\" content=\"admin\" \/>\n<meta name=\"twitter:card\" content=\"summary_large_image\" \/>\n<meta name=\"twitter:label1\" content=\"Escrit per\" \/>\n\t<meta name=\"twitter:data1\" content=\"admin\" \/>\n\t<meta name=\"twitter:label2\" content=\"Temps estimat de lectura\" \/>\n\t<meta name=\"twitter:data2\" content=\"1 minut\" \/>\n<script type=\"application\/ld+json\" class=\"yoast-schema-graph\">{\"@context\":\"https:\\\/\\\/schema.org\",\"@graph\":[{\"@type\":\"Article\",\"@id\":\"https:\\\/\\\/rosasinmobiliarias.com\\\/ca\\\/illes-medes\\\/#article\",\"isPartOf\":{\"@id\":\"https:\\\/\\\/rosasinmobiliarias.com\\\/ca\\\/illes-medes\\\/\"},\"author\":{\"name\":\"admin\",\"@id\":\"https:\\\/\\\/rosasinmobiliarias.com\\\/ca\\\/#\\\/schema\\\/person\\\/30664c12aab63abc4e9a8d867eea2825\"},\"headline\":\"Illes Medes\",\"datePublished\":\"2024-03-25T15:07:01+00:00\",\"mainEntityOfPage\":{\"@id\":\"https:\\\/\\\/rosasinmobiliarias.com\\\/ca\\\/illes-medes\\\/\"},\"wordCount\":252,\"publisher\":{\"@id\":\"https:\\\/\\\/rosasinmobiliarias.com\\\/ca\\\/#organization\"},\"image\":{\"@id\":\"https:\\\/\\\/rosasinmobiliarias.com\\\/ca\\\/illes-medes\\\/#primaryimage\"},\"thumbnailUrl\":\"https:\\\/\\\/rosasinmobiliarias.com\\\/wp-content\\\/uploads\\\/2024\\\/03\\\/medes.jpg\",\"articleSection\":[\"Punts d&#039;inter\u00e8s\"],\"inLanguage\":\"ca\"},{\"@type\":\"WebPage\",\"@id\":\"https:\\\/\\\/rosasinmobiliarias.com\\\/ca\\\/illes-medes\\\/\",\"url\":\"https:\\\/\\\/rosasinmobiliarias.com\\\/ca\\\/illes-medes\\\/\",\"name\":\"Illes Medes - Rosas Inmobiliarias - Venta y alquiler de apartamentos y casas en Roses, Girona\",\"isPartOf\":{\"@id\":\"https:\\\/\\\/rosasinmobiliarias.com\\\/ca\\\/#website\"},\"primaryImageOfPage\":{\"@id\":\"https:\\\/\\\/rosasinmobiliarias.com\\\/ca\\\/illes-medes\\\/#primaryimage\"},\"image\":{\"@id\":\"https:\\\/\\\/rosasinmobiliarias.com\\\/ca\\\/illes-medes\\\/#primaryimage\"},\"thumbnailUrl\":\"https:\\\/\\\/rosasinmobiliarias.com\\\/wp-content\\\/uploads\\\/2024\\\/03\\\/medes.jpg\",\"datePublished\":\"2024-03-25T15:07:01+00:00\",\"breadcrumb\":{\"@id\":\"https:\\\/\\\/rosasinmobiliarias.com\\\/ca\\\/illes-medes\\\/#breadcrumb\"},\"inLanguage\":\"ca\",\"potentialAction\":[{\"@type\":\"ReadAction\",\"target\":[\"https:\\\/\\\/rosasinmobiliarias.com\\\/ca\\\/illes-medes\\\/\"]}]},{\"@type\":\"ImageObject\",\"inLanguage\":\"ca\",\"@id\":\"https:\\\/\\\/rosasinmobiliarias.com\\\/ca\\\/illes-medes\\\/#primaryimage\",\"url\":\"https:\\\/\\\/rosasinmobiliarias.com\\\/wp-content\\\/uploads\\\/2024\\\/03\\\/medes.jpg\",\"contentUrl\":\"https:\\\/\\\/rosasinmobiliarias.com\\\/wp-content\\\/uploads\\\/2024\\\/03\\\/medes.jpg\",\"width\":500,\"height\":338,\"caption\":\"Islas Medas\"},{\"@type\":\"BreadcrumbList\",\"@id\":\"https:\\\/\\\/rosasinmobiliarias.com\\\/ca\\\/illes-medes\\\/#breadcrumb\",\"itemListElement\":[{\"@type\":\"ListItem\",\"position\":1,\"name\":\"Portada\",\"item\":\"https:\\\/\\\/rosasinmobiliarias.com\\\/ca\\\/inici\\\/\"},{\"@type\":\"ListItem\",\"position\":2,\"name\":\"Illes Medes\"}]},{\"@type\":\"WebSite\",\"@id\":\"https:\\\/\\\/rosasinmobiliarias.com\\\/ca\\\/#website\",\"url\":\"https:\\\/\\\/rosasinmobiliarias.com\\\/ca\\\/\",\"name\":\"Rosas Inmobiliarias - Venta y alquiler de apartamentos y casas en Roses, Girona\",\"description\":\"Agencia inmobiliaria especialistas en ventas y alquileres de temporada en Roses, Girona, Costa Brava.\",\"publisher\":{\"@id\":\"https:\\\/\\\/rosasinmobiliarias.com\\\/ca\\\/#organization\"},\"potentialAction\":[{\"@type\":\"SearchAction\",\"target\":{\"@type\":\"EntryPoint\",\"urlTemplate\":\"https:\\\/\\\/rosasinmobiliarias.com\\\/ca\\\/?s={search_term_string}\"},\"query-input\":{\"@type\":\"PropertyValueSpecification\",\"valueRequired\":true,\"valueName\":\"search_term_string\"}}],\"inLanguage\":\"ca\"},{\"@type\":\"Organization\",\"@id\":\"https:\\\/\\\/rosasinmobiliarias.com\\\/ca\\\/#organization\",\"name\":\"Inmo Holiday Roses Sl\",\"url\":\"https:\\\/\\\/rosasinmobiliarias.com\\\/ca\\\/\",\"logo\":{\"@type\":\"ImageObject\",\"inLanguage\":\"ca\",\"@id\":\"https:\\\/\\\/rosasinmobiliarias.com\\\/ca\\\/#\\\/schema\\\/logo\\\/image\\\/\",\"url\":\"https:\\\/\\\/rosasinmobiliarias.com\\\/wp-content\\\/uploads\\\/2024\\\/05\\\/logo.png\",\"contentUrl\":\"https:\\\/\\\/rosasinmobiliarias.com\\\/wp-content\\\/uploads\\\/2024\\\/05\\\/logo.png\",\"width\":400,\"height\":101,\"caption\":\"Inmo Holiday Roses Sl\"},\"image\":{\"@id\":\"https:\\\/\\\/rosasinmobiliarias.com\\\/ca\\\/#\\\/schema\\\/logo\\\/image\\\/\"}},{\"@type\":\"Person\",\"@id\":\"https:\\\/\\\/rosasinmobiliarias.com\\\/ca\\\/#\\\/schema\\\/person\\\/30664c12aab63abc4e9a8d867eea2825\",\"name\":\"admin\",\"image\":{\"@type\":\"ImageObject\",\"inLanguage\":\"ca\",\"@id\":\"https:\\\/\\\/secure.gravatar.com\\\/avatar\\\/e08310ecf488d9de7c74b14e90bc2cb6e0859e9dedbc7c93bc9bb131b61de313?s=96&d=mm&r=g\",\"url\":\"https:\\\/\\\/secure.gravatar.com\\\/avatar\\\/e08310ecf488d9de7c74b14e90bc2cb6e0859e9dedbc7c93bc9bb131b61de313?s=96&d=mm&r=g\",\"contentUrl\":\"https:\\\/\\\/secure.gravatar.com\\\/avatar\\\/e08310ecf488d9de7c74b14e90bc2cb6e0859e9dedbc7c93bc9bb131b61de313?s=96&d=mm&r=g\",\"caption\":\"admin\"},\"sameAs\":[\"https:\\\/\\\/rosasinmobiliarias.com\"],\"url\":\"https:\\\/\\\/rosasinmobiliarias.com\\\/ca\\\/author\\\/admin\\\/\"}]}<\/script>\n<!-- \/ Yoast SEO plugin. -->","yoast_head_json":{"title":"Illes Medes - Rosas Inmobiliarias - Venta y alquiler de apartamentos y casas en Roses, Girona","robots":{"index":"index","follow":"follow","max-snippet":"max-snippet:-1","max-image-preview":"max-image-preview:large","max-video-preview":"max-video-preview:-1"},"canonical":"https:\/\/rosasinmobiliarias.com\/ca\/illes-medes\/","og_locale":"ca_ES","og_type":"article","og_title":"Illes Medes - Rosas Inmobiliarias - Venta y alquiler de apartamentos y casas en Roses, Girona","og_description":"Les illes Medes s\u00f3n un arxip\u00e8lag situat al mar Mediterrani format per unes set illes i alguns illots davant de la costa de Catalunya (nord-est d'Espanya).","og_url":"https:\/\/rosasinmobiliarias.com\/ca\/illes-medes\/","og_site_name":"Rosas Inmobiliarias - Venta y alquiler de apartamentos y casas en Roses, Girona","article_published_time":"2024-03-25T15:07:01+00:00","og_image":[{"width":500,"height":338,"url":"https:\/\/rosasinmobiliarias.com\/wp-content\/uploads\/2024\/03\/medes.jpg","type":"image\/jpeg"}],"author":"admin","twitter_card":"summary_large_image","twitter_misc":{"Escrit per":"admin","Temps estimat de lectura":"1 minut"},"schema":{"@context":"https:\/\/schema.org","@graph":[{"@type":"Article","@id":"https:\/\/rosasinmobiliarias.com\/ca\/illes-medes\/#article","isPartOf":{"@id":"https:\/\/rosasinmobiliarias.com\/ca\/illes-medes\/"},"author":{"name":"admin","@id":"https:\/\/rosasinmobiliarias.com\/ca\/#\/schema\/person\/30664c12aab63abc4e9a8d867eea2825"},"headline":"Illes Medes","datePublished":"2024-03-25T15:07:01+00:00","mainEntityOfPage":{"@id":"https:\/\/rosasinmobiliarias.com\/ca\/illes-medes\/"},"wordCount":252,"publisher":{"@id":"https:\/\/rosasinmobiliarias.com\/ca\/#organization"},"image":{"@id":"https:\/\/rosasinmobiliarias.com\/ca\/illes-medes\/#primaryimage"},"thumbnailUrl":"https:\/\/rosasinmobiliarias.com\/wp-content\/uploads\/2024\/03\/medes.jpg","articleSection":["Punts d&#039;inter\u00e8s"],"inLanguage":"ca"},{"@type":"WebPage","@id":"https:\/\/rosasinmobiliarias.com\/ca\/illes-medes\/","url":"https:\/\/rosasinmobiliarias.com\/ca\/illes-medes\/","name":"Illes Medes - Rosas Inmobiliarias - Venta y alquiler de apartamentos y casas en Roses, Girona","isPartOf":{"@id":"https:\/\/rosasinmobiliarias.com\/ca\/#website"},"primaryImageOfPage":{"@id":"https:\/\/rosasinmobiliarias.com\/ca\/illes-medes\/#primaryimage"},"image":{"@id":"https:\/\/rosasinmobiliarias.com\/ca\/illes-medes\/#primaryimage"},"thumbnailUrl":"https:\/\/rosasinmobiliarias.com\/wp-content\/uploads\/2024\/03\/medes.jpg","datePublished":"2024-03-25T15:07:01+00:00","breadcrumb":{"@id":"https:\/\/rosasinmobiliarias.com\/ca\/illes-medes\/#breadcrumb"},"inLanguage":"ca","potentialAction":[{"@type":"ReadAction","target":["https:\/\/rosasinmobiliarias.com\/ca\/illes-medes\/"]}]},{"@type":"ImageObject","inLanguage":"ca","@id":"https:\/\/rosasinmobiliarias.com\/ca\/illes-medes\/#primaryimage","url":"https:\/\/rosasinmobiliarias.com\/wp-content\/uploads\/2024\/03\/medes.jpg","contentUrl":"https:\/\/rosasinmobiliarias.com\/wp-content\/uploads\/2024\/03\/medes.jpg","width":500,"height":338,"caption":"Islas Medas"},{"@type":"BreadcrumbList","@id":"https:\/\/rosasinmobiliarias.com\/ca\/illes-medes\/#breadcrumb","itemListElement":[{"@type":"ListItem","position":1,"name":"Portada","item":"https:\/\/rosasinmobiliarias.com\/ca\/inici\/"},{"@type":"ListItem","position":2,"name":"Illes Medes"}]},{"@type":"WebSite","@id":"https:\/\/rosasinmobiliarias.com\/ca\/#website","url":"https:\/\/rosasinmobiliarias.com\/ca\/","name":"Rosas Inmobiliarias - Venta y alquiler de apartamentos y casas en Roses, Girona","description":"Agencia inmobiliaria especialistas en ventas y alquileres de temporada en Roses, Girona, Costa Brava.","publisher":{"@id":"https:\/\/rosasinmobiliarias.com\/ca\/#organization"},"potentialAction":[{"@type":"SearchAction","target":{"@type":"EntryPoint","urlTemplate":"https:\/\/rosasinmobiliarias.com\/ca\/?s={search_term_string}"},"query-input":{"@type":"PropertyValueSpecification","valueRequired":true,"valueName":"search_term_string"}}],"inLanguage":"ca"},{"@type":"Organization","@id":"https:\/\/rosasinmobiliarias.com\/ca\/#organization","name":"Inmo Holiday Roses Sl","url":"https:\/\/rosasinmobiliarias.com\/ca\/","logo":{"@type":"ImageObject","inLanguage":"ca","@id":"https:\/\/rosasinmobiliarias.com\/ca\/#\/schema\/logo\/image\/","url":"https:\/\/rosasinmobiliarias.com\/wp-content\/uploads\/2024\/05\/logo.png","contentUrl":"https:\/\/rosasinmobiliarias.com\/wp-content\/uploads\/2024\/05\/logo.png","width":400,"height":101,"caption":"Inmo Holiday Roses Sl"},"image":{"@id":"https:\/\/rosasinmobiliarias.com\/ca\/#\/schema\/logo\/image\/"}},{"@type":"Person","@id":"https:\/\/rosasinmobiliarias.com\/ca\/#\/schema\/person\/30664c12aab63abc4e9a8d867eea2825","name":"admin","image":{"@type":"ImageObject","inLanguage":"ca","@id":"https:\/\/secure.gravatar.com\/avatar\/e08310ecf488d9de7c74b14e90bc2cb6e0859e9dedbc7c93bc9bb131b61de313?s=96&d=mm&r=g","url":"https:\/\/secure.gravatar.com\/avatar\/e08310ecf488d9de7c74b14e90bc2cb6e0859e9dedbc7c93bc9bb131b61de313?s=96&d=mm&r=g","contentUrl":"https:\/\/secure.gravatar.com\/avatar\/e08310ecf488d9de7c74b14e90bc2cb6e0859e9dedbc7c93bc9bb131b61de313?s=96&d=mm&r=g","caption":"admin"},"sameAs":["https:\/\/rosasinmobiliarias.com"],"url":"https:\/\/rosasinmobiliarias.com\/ca\/author\/admin\/"}]}},"_links":{"self":[{"href":"https:\/\/rosasinmobiliarias.com\/ca\/wp-json\/wp\/v2\/posts\/10619","targetHints":{"allow":["GET"]}}],"collection":[{"href":"https:\/\/rosasinmobiliarias.com\/ca\/wp-json\/wp\/v2\/posts"}],"about":[{"href":"https:\/\/rosasinmobiliarias.com\/ca\/wp-json\/wp\/v2\/types\/post"}],"author":[{"embeddable":true,"href":"https:\/\/rosasinmobiliarias.com\/ca\/wp-json\/wp\/v2\/users\/1"}],"replies":[{"embeddable":true,"href":"https:\/\/rosasinmobiliarias.com\/ca\/wp-json\/wp\/v2\/comments?post=10619"}],"version-history":[{"count":0,"href":"https:\/\/rosasinmobiliarias.com\/ca\/wp-json\/wp\/v2\/posts\/10619\/revisions"}],"wp:featuredmedia":[{"embeddable":true,"href":"https:\/\/rosasinmobiliarias.com\/ca\/wp-json\/wp\/v2\/media\/2488"}],"wp:attachment":[{"href":"https:\/\/rosasinmobiliarias.com\/ca\/wp-json\/wp\/v2\/media?parent=10619"}],"wp:term":[{"taxonomy":"category","embeddable":true,"href":"https:\/\/rosasinmobiliarias.com\/ca\/wp-json\/wp\/v2\/categories?post=10619"},{"taxonomy":"post_tag","embeddable":true,"href":"https:\/\/rosasinmobiliarias.com\/ca\/wp-json\/wp\/v2\/tags?post=10619"}],"curies":[{"name":"wp","href":"https:\/\/api.w.org\/{rel}","templated":true}]}}