{"id":10620,"date":"2024-03-25T16:34:56","date_gmt":"2024-03-25T15:34:56","guid":{"rendered":"https:\/\/rosasinmobiliarias.com\/la-ciutadella-de-roses\/"},"modified":"2024-05-10T16:12:55","modified_gmt":"2024-05-10T14:12:55","slug":"la-ciutadella-de-roses","status":"publish","type":"post","link":"https:\/\/rosasinmobiliarias.com\/ca\/la-ciutadella-de-roses\/","title":{"rendered":"La Ciutadella de Roses"},"content":{"rendered":"\n<p>La Ciutadella de Roses \u00e9s una fortificaci\u00f3 militar de planta pentagonal, amb cinc baluards tamb\u00e9 pentagonals, un fossat al seu voltant, i un glacis o plataforma exterior fortificada amb mitges llunes.<\/p>\n\n<p>Un passeig pel recinte de la Ciutadella \u00e9s imprescindible per a tothom que visiti Roses. Declarada conjunt historicoart\u00edstic el 1961, la Ciutadella reuneix restes de diferents \u00e8poques i ocupacions. La fortificaci\u00f3 militar, amb la monumental Porta de Mar, \u00e9s un recinte de 131.480 m2 d&#8217;estil renaixentista que va ser constru\u00eft el 1543. El seu interior constitueix un important jaciment arqueol\u00f2gic on es troben les restes de la ciutat grega de Rhode, fundada al 776 a.C. pels rodis; el barri hel\u00b7len\u00edstic, que va viure el seu moment de m\u00e0xima prosperitat als segles IV i III a.C.; la vila romana, datada entre els segles II a.C. i VI dC; el monestir rom\u00e0nic-llombard de Santa Maria, del segle XI, i les troballes del segle XIX.<\/p>\n","protected":false},"excerpt":{"rendered":"<p>La Ciutadella de Roses \u00e9s una fortificaci\u00f3 militar de planta pentagonal, amb cinc baluards tamb\u00e9 pentagonals, un fossat al seu voltant, i un glacis o plataforma exterior fortificada amb mitges llunes.<\/p>\n","protected":false},"author":1,"featured_media":6050,"comment_status":"closed","ping_status":"open","sticky":false,"template":"","format":"standard","meta":{"site-sidebar-layout":"default","site-content-layout":"","ast-site-content-layout":"default","site-content-style":"default","site-sidebar-style":"default","ast-global-header-display":"","ast-banner-title-visibility":"","ast-main-header-display":"","ast-hfb-above-header-display":"","ast-hfb-below-header-display":"","ast-hfb-mobile-header-display":"","site-post-title":"","ast-breadcrumbs-content":"","ast-featured-img":"","footer-sml-layout":"","ast-disable-related-posts":"","theme-transparent-header-meta":"","adv-header-id-meta":"","stick-header-meta":"","header-above-stick-meta":"","header-main-stick-meta":"","header-below-stick-meta":"","astra-migrate-meta-layouts":"default","ast-page-background-enabled":"default","ast-page-background-meta":{"desktop":{"background-color":"var(--ast-global-color-4)","background-image":"","background-repeat":"repeat","background-position":"center center","background-size":"auto","background-attachment":"scroll","background-type":"","background-media":"","overlay-type":"","overlay-color":"","overlay-opacity":"","overlay-gradient":""},"tablet":{"background-color":"","background-image":"","background-repeat":"repeat","background-position":"center center","background-size":"auto","background-attachment":"scroll","background-type":"","background-media":"","overlay-type":"","overlay-color":"","overlay-opacity":"","overlay-gradient":""},"mobile":{"background-color":"","background-image":"","background-repeat":"repeat","background-position":"center center","background-size":"auto","background-attachment":"scroll","background-type":"","background-media":"","overlay-type":"","overlay-color":"","overlay-opacity":"","overlay-gradient":""}},"ast-content-background-meta":{"desktop":{"background-color":"var(--ast-global-color-5)","background-image":"","background-repeat":"repeat","background-position":"center center","background-size":"auto","background-attachment":"scroll","background-type":"","background-media":"","overlay-type":"","overlay-color":"","overlay-opacity":"","overlay-gradient":""},"tablet":{"background-color":"var(--ast-global-color-5)","background-image":"","background-repeat":"repeat","background-position":"center center","background-size":"auto","background-attachment":"scroll","background-type":"","background-media":"","overlay-type":"","overlay-color":"","overlay-opacity":"","overlay-gradient":""},"mobile":{"background-color":"var(--ast-global-color-5)","background-image":"","background-repeat":"repeat","background-position":"center center","background-size":"auto","background-attachment":"scroll","background-type":"","background-media":"","overlay-type":"","overlay-color":"","overlay-opacity":"","overlay-gradient":""}},"footnotes":""},"categories":[328],"tags":[],"class_list":["post-10620","post","type-post","status-publish","format-standard","has-post-thumbnail","hentry","category-punts-d-interes"],"yoast_head":"<!-- This site is optimized with the Yoast SEO plugin v27.4 - https:\/\/yoast.com\/product\/yoast-seo-wordpress\/ -->\n<title>La Ciutadella de Roses - Rosas Inmobiliarias - Venta y alquiler de apartamentos y casas en Roses, Girona<\/title>\n<meta name=\"description\" content=\"Un passeig pel recinte de la Ciutadella \u00e9s imprescindible per a tothom que visiti Roses. Declarada conjunt historicoart\u00edstic el 1961.\" \/>\n<meta name=\"robots\" content=\"index, follow, max-snippet:-1, max-image-preview:large, max-video-preview:-1\" \/>\n<link rel=\"canonical\" href=\"https:\/\/rosasinmobiliarias.com\/ca\/la-ciutadella-de-roses\/\" \/>\n<meta property=\"og:locale\" content=\"ca_ES\" \/>\n<meta property=\"og:type\" content=\"article\" \/>\n<meta property=\"og:title\" content=\"La Ciutadella de Roses - Rosas Inmobiliarias - Venta y alquiler de apartamentos y casas en Roses, Girona\" \/>\n<meta property=\"og:description\" content=\"Un passeig pel recinte de la Ciutadella \u00e9s imprescindible per a tothom que visiti Roses. Declarada conjunt historicoart\u00edstic el 1961.\" \/>\n<meta property=\"og:url\" content=\"https:\/\/rosasinmobiliarias.com\/ca\/la-ciutadella-de-roses\/\" \/>\n<meta property=\"og:site_name\" content=\"Rosas Inmobiliarias - Venta y alquiler de apartamentos y casas en Roses, Girona\" \/>\n<meta property=\"article:published_time\" content=\"2024-03-25T15:34:56+00:00\" \/>\n<meta property=\"article:modified_time\" content=\"2024-05-10T14:12:55+00:00\" \/>\n<meta property=\"og:image\" content=\"https:\/\/rosasinmobiliarias.com\/wp-content\/uploads\/2024\/03\/ciutadella-2.jpg\" \/>\n\t<meta property=\"og:image:width\" content=\"1280\" \/>\n\t<meta property=\"og:image:height\" content=\"960\" \/>\n\t<meta property=\"og:image:type\" content=\"image\/jpeg\" \/>\n<meta name=\"author\" content=\"admin\" \/>\n<meta name=\"twitter:card\" content=\"summary_large_image\" \/>\n<meta name=\"twitter:label1\" content=\"Escrit per\" \/>\n\t<meta name=\"twitter:data1\" content=\"admin\" \/>\n\t<meta name=\"twitter:label2\" content=\"Temps estimat de lectura\" \/>\n\t<meta name=\"twitter:data2\" content=\"1 minut\" \/>\n<script type=\"application\/ld+json\" class=\"yoast-schema-graph\">{\"@context\":\"https:\\\/\\\/schema.org\",\"@graph\":[{\"@type\":\"Article\",\"@id\":\"https:\\\/\\\/rosasinmobiliarias.com\\\/ca\\\/la-ciutadella-de-roses\\\/#article\",\"isPartOf\":{\"@id\":\"https:\\\/\\\/rosasinmobiliarias.com\\\/ca\\\/la-ciutadella-de-roses\\\/\"},\"author\":{\"name\":\"admin\",\"@id\":\"https:\\\/\\\/rosasinmobiliarias.com\\\/ca\\\/#\\\/schema\\\/person\\\/30664c12aab63abc4e9a8d867eea2825\"},\"headline\":\"La Ciutadella de Roses\",\"datePublished\":\"2024-03-25T15:34:56+00:00\",\"dateModified\":\"2024-05-10T14:12:55+00:00\",\"mainEntityOfPage\":{\"@id\":\"https:\\\/\\\/rosasinmobiliarias.com\\\/ca\\\/la-ciutadella-de-roses\\\/\"},\"wordCount\":164,\"publisher\":{\"@id\":\"https:\\\/\\\/rosasinmobiliarias.com\\\/ca\\\/#organization\"},\"image\":{\"@id\":\"https:\\\/\\\/rosasinmobiliarias.com\\\/ca\\\/la-ciutadella-de-roses\\\/#primaryimage\"},\"thumbnailUrl\":\"https:\\\/\\\/rosasinmobiliarias.com\\\/wp-content\\\/uploads\\\/2024\\\/03\\\/ciutadella-2.jpg\",\"articleSection\":[\"Punts d&#039;inter\u00e8s\"],\"inLanguage\":\"ca\"},{\"@type\":\"WebPage\",\"@id\":\"https:\\\/\\\/rosasinmobiliarias.com\\\/ca\\\/la-ciutadella-de-roses\\\/\",\"url\":\"https:\\\/\\\/rosasinmobiliarias.com\\\/ca\\\/la-ciutadella-de-roses\\\/\",\"name\":\"La Ciutadella de Roses - Rosas Inmobiliarias - Venta y alquiler de apartamentos y casas en Roses, Girona\",\"isPartOf\":{\"@id\":\"https:\\\/\\\/rosasinmobiliarias.com\\\/ca\\\/#website\"},\"primaryImageOfPage\":{\"@id\":\"https:\\\/\\\/rosasinmobiliarias.com\\\/ca\\\/la-ciutadella-de-roses\\\/#primaryimage\"},\"image\":{\"@id\":\"https:\\\/\\\/rosasinmobiliarias.com\\\/ca\\\/la-ciutadella-de-roses\\\/#primaryimage\"},\"thumbnailUrl\":\"https:\\\/\\\/rosasinmobiliarias.com\\\/wp-content\\\/uploads\\\/2024\\\/03\\\/ciutadella-2.jpg\",\"datePublished\":\"2024-03-25T15:34:56+00:00\",\"dateModified\":\"2024-05-10T14:12:55+00:00\",\"description\":\"Un passeig pel recinte de la Ciutadella \u00e9s imprescindible per a tothom que visiti Roses. Declarada conjunt historicoart\u00edstic el 1961.\",\"breadcrumb\":{\"@id\":\"https:\\\/\\\/rosasinmobiliarias.com\\\/ca\\\/la-ciutadella-de-roses\\\/#breadcrumb\"},\"inLanguage\":\"ca\",\"potentialAction\":[{\"@type\":\"ReadAction\",\"target\":[\"https:\\\/\\\/rosasinmobiliarias.com\\\/ca\\\/la-ciutadella-de-roses\\\/\"]}]},{\"@type\":\"ImageObject\",\"inLanguage\":\"ca\",\"@id\":\"https:\\\/\\\/rosasinmobiliarias.com\\\/ca\\\/la-ciutadella-de-roses\\\/#primaryimage\",\"url\":\"https:\\\/\\\/rosasinmobiliarias.com\\\/wp-content\\\/uploads\\\/2024\\\/03\\\/ciutadella-2.jpg\",\"contentUrl\":\"https:\\\/\\\/rosasinmobiliarias.com\\\/wp-content\\\/uploads\\\/2024\\\/03\\\/ciutadella-2.jpg\",\"width\":1280,\"height\":960,\"caption\":\"Ciutadella de Roses (Foto Wikipedia)\"},{\"@type\":\"BreadcrumbList\",\"@id\":\"https:\\\/\\\/rosasinmobiliarias.com\\\/ca\\\/la-ciutadella-de-roses\\\/#breadcrumb\",\"itemListElement\":[{\"@type\":\"ListItem\",\"position\":1,\"name\":\"Portada\",\"item\":\"https:\\\/\\\/rosasinmobiliarias.com\\\/ca\\\/inici\\\/\"},{\"@type\":\"ListItem\",\"position\":2,\"name\":\"La Ciutadella de Roses\"}]},{\"@type\":\"WebSite\",\"@id\":\"https:\\\/\\\/rosasinmobiliarias.com\\\/ca\\\/#website\",\"url\":\"https:\\\/\\\/rosasinmobiliarias.com\\\/ca\\\/\",\"name\":\"Rosas Inmobiliarias - Venta y alquiler de apartamentos y casas en Roses, Girona\",\"description\":\"Agencia inmobiliaria especialistas en ventas y alquileres de temporada en Roses, Girona, Costa Brava.\",\"publisher\":{\"@id\":\"https:\\\/\\\/rosasinmobiliarias.com\\\/ca\\\/#organization\"},\"potentialAction\":[{\"@type\":\"SearchAction\",\"target\":{\"@type\":\"EntryPoint\",\"urlTemplate\":\"https:\\\/\\\/rosasinmobiliarias.com\\\/ca\\\/?s={search_term_string}\"},\"query-input\":{\"@type\":\"PropertyValueSpecification\",\"valueRequired\":true,\"valueName\":\"search_term_string\"}}],\"inLanguage\":\"ca\"},{\"@type\":\"Organization\",\"@id\":\"https:\\\/\\\/rosasinmobiliarias.com\\\/ca\\\/#organization\",\"name\":\"Inmo Holiday Roses Sl\",\"url\":\"https:\\\/\\\/rosasinmobiliarias.com\\\/ca\\\/\",\"logo\":{\"@type\":\"ImageObject\",\"inLanguage\":\"ca\",\"@id\":\"https:\\\/\\\/rosasinmobiliarias.com\\\/ca\\\/#\\\/schema\\\/logo\\\/image\\\/\",\"url\":\"https:\\\/\\\/rosasinmobiliarias.com\\\/wp-content\\\/uploads\\\/2024\\\/05\\\/logo.png\",\"contentUrl\":\"https:\\\/\\\/rosasinmobiliarias.com\\\/wp-content\\\/uploads\\\/2024\\\/05\\\/logo.png\",\"width\":400,\"height\":101,\"caption\":\"Inmo Holiday Roses Sl\"},\"image\":{\"@id\":\"https:\\\/\\\/rosasinmobiliarias.com\\\/ca\\\/#\\\/schema\\\/logo\\\/image\\\/\"}},{\"@type\":\"Person\",\"@id\":\"https:\\\/\\\/rosasinmobiliarias.com\\\/ca\\\/#\\\/schema\\\/person\\\/30664c12aab63abc4e9a8d867eea2825\",\"name\":\"admin\",\"image\":{\"@type\":\"ImageObject\",\"inLanguage\":\"ca\",\"@id\":\"https:\\\/\\\/secure.gravatar.com\\\/avatar\\\/e08310ecf488d9de7c74b14e90bc2cb6e0859e9dedbc7c93bc9bb131b61de313?s=96&d=mm&r=g\",\"url\":\"https:\\\/\\\/secure.gravatar.com\\\/avatar\\\/e08310ecf488d9de7c74b14e90bc2cb6e0859e9dedbc7c93bc9bb131b61de313?s=96&d=mm&r=g\",\"contentUrl\":\"https:\\\/\\\/secure.gravatar.com\\\/avatar\\\/e08310ecf488d9de7c74b14e90bc2cb6e0859e9dedbc7c93bc9bb131b61de313?s=96&d=mm&r=g\",\"caption\":\"admin\"},\"sameAs\":[\"https:\\\/\\\/rosasinmobiliarias.com\"],\"url\":\"https:\\\/\\\/rosasinmobiliarias.com\\\/ca\\\/author\\\/admin\\\/\"}]}<\/script>\n<!-- \/ Yoast SEO plugin. -->","yoast_head_json":{"title":"La Ciutadella de Roses - Rosas Inmobiliarias - Venta y alquiler de apartamentos y casas en Roses, Girona","description":"Un passeig pel recinte de la Ciutadella \u00e9s imprescindible per a tothom que visiti Roses. Declarada conjunt historicoart\u00edstic el 1961.","robots":{"index":"index","follow":"follow","max-snippet":"max-snippet:-1","max-image-preview":"max-image-preview:large","max-video-preview":"max-video-preview:-1"},"canonical":"https:\/\/rosasinmobiliarias.com\/ca\/la-ciutadella-de-roses\/","og_locale":"ca_ES","og_type":"article","og_title":"La Ciutadella de Roses - Rosas Inmobiliarias - Venta y alquiler de apartamentos y casas en Roses, Girona","og_description":"Un passeig pel recinte de la Ciutadella \u00e9s imprescindible per a tothom que visiti Roses. Declarada conjunt historicoart\u00edstic el 1961.","og_url":"https:\/\/rosasinmobiliarias.com\/ca\/la-ciutadella-de-roses\/","og_site_name":"Rosas Inmobiliarias - Venta y alquiler de apartamentos y casas en Roses, Girona","article_published_time":"2024-03-25T15:34:56+00:00","article_modified_time":"2024-05-10T14:12:55+00:00","og_image":[{"width":1280,"height":960,"url":"https:\/\/rosasinmobiliarias.com\/wp-content\/uploads\/2024\/03\/ciutadella-2.jpg","type":"image\/jpeg"}],"author":"admin","twitter_card":"summary_large_image","twitter_misc":{"Escrit per":"admin","Temps estimat de lectura":"1 minut"},"schema":{"@context":"https:\/\/schema.org","@graph":[{"@type":"Article","@id":"https:\/\/rosasinmobiliarias.com\/ca\/la-ciutadella-de-roses\/#article","isPartOf":{"@id":"https:\/\/rosasinmobiliarias.com\/ca\/la-ciutadella-de-roses\/"},"author":{"name":"admin","@id":"https:\/\/rosasinmobiliarias.com\/ca\/#\/schema\/person\/30664c12aab63abc4e9a8d867eea2825"},"headline":"La Ciutadella de Roses","datePublished":"2024-03-25T15:34:56+00:00","dateModified":"2024-05-10T14:12:55+00:00","mainEntityOfPage":{"@id":"https:\/\/rosasinmobiliarias.com\/ca\/la-ciutadella-de-roses\/"},"wordCount":164,"publisher":{"@id":"https:\/\/rosasinmobiliarias.com\/ca\/#organization"},"image":{"@id":"https:\/\/rosasinmobiliarias.com\/ca\/la-ciutadella-de-roses\/#primaryimage"},"thumbnailUrl":"https:\/\/rosasinmobiliarias.com\/wp-content\/uploads\/2024\/03\/ciutadella-2.jpg","articleSection":["Punts d&#039;inter\u00e8s"],"inLanguage":"ca"},{"@type":"WebPage","@id":"https:\/\/rosasinmobiliarias.com\/ca\/la-ciutadella-de-roses\/","url":"https:\/\/rosasinmobiliarias.com\/ca\/la-ciutadella-de-roses\/","name":"La Ciutadella de Roses - Rosas Inmobiliarias - Venta y alquiler de apartamentos y casas en Roses, Girona","isPartOf":{"@id":"https:\/\/rosasinmobiliarias.com\/ca\/#website"},"primaryImageOfPage":{"@id":"https:\/\/rosasinmobiliarias.com\/ca\/la-ciutadella-de-roses\/#primaryimage"},"image":{"@id":"https:\/\/rosasinmobiliarias.com\/ca\/la-ciutadella-de-roses\/#primaryimage"},"thumbnailUrl":"https:\/\/rosasinmobiliarias.com\/wp-content\/uploads\/2024\/03\/ciutadella-2.jpg","datePublished":"2024-03-25T15:34:56+00:00","dateModified":"2024-05-10T14:12:55+00:00","description":"Un passeig pel recinte de la Ciutadella \u00e9s imprescindible per a tothom que visiti Roses. Declarada conjunt historicoart\u00edstic el 1961.","breadcrumb":{"@id":"https:\/\/rosasinmobiliarias.com\/ca\/la-ciutadella-de-roses\/#breadcrumb"},"inLanguage":"ca","potentialAction":[{"@type":"ReadAction","target":["https:\/\/rosasinmobiliarias.com\/ca\/la-ciutadella-de-roses\/"]}]},{"@type":"ImageObject","inLanguage":"ca","@id":"https:\/\/rosasinmobiliarias.com\/ca\/la-ciutadella-de-roses\/#primaryimage","url":"https:\/\/rosasinmobiliarias.com\/wp-content\/uploads\/2024\/03\/ciutadella-2.jpg","contentUrl":"https:\/\/rosasinmobiliarias.com\/wp-content\/uploads\/2024\/03\/ciutadella-2.jpg","width":1280,"height":960,"caption":"Ciutadella de Roses (Foto Wikipedia)"},{"@type":"BreadcrumbList","@id":"https:\/\/rosasinmobiliarias.com\/ca\/la-ciutadella-de-roses\/#breadcrumb","itemListElement":[{"@type":"ListItem","position":1,"name":"Portada","item":"https:\/\/rosasinmobiliarias.com\/ca\/inici\/"},{"@type":"ListItem","position":2,"name":"La Ciutadella de Roses"}]},{"@type":"WebSite","@id":"https:\/\/rosasinmobiliarias.com\/ca\/#website","url":"https:\/\/rosasinmobiliarias.com\/ca\/","name":"Rosas Inmobiliarias - Venta y alquiler de apartamentos y casas en Roses, Girona","description":"Agencia inmobiliaria especialistas en ventas y alquileres de temporada en Roses, Girona, Costa Brava.","publisher":{"@id":"https:\/\/rosasinmobiliarias.com\/ca\/#organization"},"potentialAction":[{"@type":"SearchAction","target":{"@type":"EntryPoint","urlTemplate":"https:\/\/rosasinmobiliarias.com\/ca\/?s={search_term_string}"},"query-input":{"@type":"PropertyValueSpecification","valueRequired":true,"valueName":"search_term_string"}}],"inLanguage":"ca"},{"@type":"Organization","@id":"https:\/\/rosasinmobiliarias.com\/ca\/#organization","name":"Inmo Holiday Roses Sl","url":"https:\/\/rosasinmobiliarias.com\/ca\/","logo":{"@type":"ImageObject","inLanguage":"ca","@id":"https:\/\/rosasinmobiliarias.com\/ca\/#\/schema\/logo\/image\/","url":"https:\/\/rosasinmobiliarias.com\/wp-content\/uploads\/2024\/05\/logo.png","contentUrl":"https:\/\/rosasinmobiliarias.com\/wp-content\/uploads\/2024\/05\/logo.png","width":400,"height":101,"caption":"Inmo Holiday Roses Sl"},"image":{"@id":"https:\/\/rosasinmobiliarias.com\/ca\/#\/schema\/logo\/image\/"}},{"@type":"Person","@id":"https:\/\/rosasinmobiliarias.com\/ca\/#\/schema\/person\/30664c12aab63abc4e9a8d867eea2825","name":"admin","image":{"@type":"ImageObject","inLanguage":"ca","@id":"https:\/\/secure.gravatar.com\/avatar\/e08310ecf488d9de7c74b14e90bc2cb6e0859e9dedbc7c93bc9bb131b61de313?s=96&d=mm&r=g","url":"https:\/\/secure.gravatar.com\/avatar\/e08310ecf488d9de7c74b14e90bc2cb6e0859e9dedbc7c93bc9bb131b61de313?s=96&d=mm&r=g","contentUrl":"https:\/\/secure.gravatar.com\/avatar\/e08310ecf488d9de7c74b14e90bc2cb6e0859e9dedbc7c93bc9bb131b61de313?s=96&d=mm&r=g","caption":"admin"},"sameAs":["https:\/\/rosasinmobiliarias.com"],"url":"https:\/\/rosasinmobiliarias.com\/ca\/author\/admin\/"}]}},"_links":{"self":[{"href":"https:\/\/rosasinmobiliarias.com\/ca\/wp-json\/wp\/v2\/posts\/10620","targetHints":{"allow":["GET"]}}],"collection":[{"href":"https:\/\/rosasinmobiliarias.com\/ca\/wp-json\/wp\/v2\/posts"}],"about":[{"href":"https:\/\/rosasinmobiliarias.com\/ca\/wp-json\/wp\/v2\/types\/post"}],"author":[{"embeddable":true,"href":"https:\/\/rosasinmobiliarias.com\/ca\/wp-json\/wp\/v2\/users\/1"}],"replies":[{"embeddable":true,"href":"https:\/\/rosasinmobiliarias.com\/ca\/wp-json\/wp\/v2\/comments?post=10620"}],"version-history":[{"count":0,"href":"https:\/\/rosasinmobiliarias.com\/ca\/wp-json\/wp\/v2\/posts\/10620\/revisions"}],"wp:featuredmedia":[{"embeddable":true,"href":"https:\/\/rosasinmobiliarias.com\/ca\/wp-json\/wp\/v2\/media\/6050"}],"wp:attachment":[{"href":"https:\/\/rosasinmobiliarias.com\/ca\/wp-json\/wp\/v2\/media?parent=10620"}],"wp:term":[{"taxonomy":"category","embeddable":true,"href":"https:\/\/rosasinmobiliarias.com\/ca\/wp-json\/wp\/v2\/categories?post=10620"},{"taxonomy":"post_tag","embeddable":true,"href":"https:\/\/rosasinmobiliarias.com\/ca\/wp-json\/wp\/v2\/tags?post=10620"}],"curies":[{"name":"wp","href":"https:\/\/api.w.org\/{rel}","templated":true}]}}