{"id":2529,"date":"2024-03-25T16:34:56","date_gmt":"2024-03-25T15:34:56","guid":{"rendered":"https:\/\/rosasinmobiliarias.com\/?p=2529"},"modified":"2024-04-26T13:07:07","modified_gmt":"2024-04-26T11:07:07","slug":"la-ciutadella-de-roses","status":"publish","type":"post","link":"https:\/\/rosasinmobiliarias.com\/de\/la-ciutadella-de-roses\/","title":{"rendered":"La Ciutadella de Roses"},"content":{"rendered":"\n<p>La Ciudadela de Rosas es una fortificaci\u00f3n militar de planta pentagonal, con cinco baluartes tambi\u00e9n pentagonales, un foso a su alrededor, y un glacis o plataforma exterior fortificada con medias lunas.<\/p>\n\n\n\n<p>Un paseo por el recinto de la Ciudadela es imprescindible para todo aquel que visite Roses. Declarada conjunto hist\u00f3rico-art\u00edstico en 1961, la Ciudadela re\u00fane restos de diferentes \u00e9pocas y ocupaciones. La fortificaci\u00f3n militar, con la monumental Puerta de Mar, es un recinto de 131.480 m2 de estilo renacentista que fue construido en 1543. Su interior constituye un importante yacimiento arqueol\u00f3gico en el que se encuentran los restos de la ciudad griega de Rhode, fundada en el 776 a.C. por los rodios; el barrio helen\u00edstico, que vivi\u00f3 su momento de m\u00e1xima prosperidad en los siglos IV y III a.C.; la villa romana, fechada entre los siglos II a.C. y VI d.C.; el monasterio rom\u00e1nico-lombardo de Santa Maria, del siglo XI, y los hallazgos del siglo XIX.<\/p>\n","protected":false},"excerpt":{"rendered":"<p>La Ciudadela de Rosas es una fortificaci\u00f3n militar de planta pentagonal, con cinco baluartes tambi\u00e9n pentagonales, un foso a su alrededor, y un glacis o plataforma exterior fortificada con medias lunas.<\/p>\n","protected":false},"author":1,"featured_media":6049,"comment_status":"closed","ping_status":"open","sticky":false,"template":"","format":"standard","meta":{"site-sidebar-layout":"default","site-content-layout":"","ast-site-content-layout":"default","site-content-style":"default","site-sidebar-style":"default","ast-global-header-display":"","ast-banner-title-visibility":"","ast-main-header-display":"","ast-hfb-above-header-display":"","ast-hfb-below-header-display":"","ast-hfb-mobile-header-display":"","site-post-title":"","ast-breadcrumbs-content":"","ast-featured-img":"","footer-sml-layout":"","ast-disable-related-posts":"","theme-transparent-header-meta":"","adv-header-id-meta":"","stick-header-meta":"","header-above-stick-meta":"","header-main-stick-meta":"","header-below-stick-meta":"","astra-migrate-meta-layouts":"default","ast-page-background-enabled":"default","ast-page-background-meta":{"desktop":{"background-color":"var(--ast-global-color-4)","background-image":"","background-repeat":"repeat","background-position":"center center","background-size":"auto","background-attachment":"scroll","background-type":"","background-media":"","overlay-type":"","overlay-color":"","overlay-opacity":"","overlay-gradient":""},"tablet":{"background-color":"","background-image":"","background-repeat":"repeat","background-position":"center center","background-size":"auto","background-attachment":"scroll","background-type":"","background-media":"","overlay-type":"","overlay-color":"","overlay-opacity":"","overlay-gradient":""},"mobile":{"background-color":"","background-image":"","background-repeat":"repeat","background-position":"center center","background-size":"auto","background-attachment":"scroll","background-type":"","background-media":"","overlay-type":"","overlay-color":"","overlay-opacity":"","overlay-gradient":""}},"ast-content-background-meta":{"desktop":{"background-color":"var(--ast-global-color-5)","background-image":"","background-repeat":"repeat","background-position":"center center","background-size":"auto","background-attachment":"scroll","background-type":"","background-media":"","overlay-type":"","overlay-color":"","overlay-opacity":"","overlay-gradient":""},"tablet":{"background-color":"var(--ast-global-color-5)","background-image":"","background-repeat":"repeat","background-position":"center center","background-size":"auto","background-attachment":"scroll","background-type":"","background-media":"","overlay-type":"","overlay-color":"","overlay-opacity":"","overlay-gradient":""},"mobile":{"background-color":"var(--ast-global-color-5)","background-image":"","background-repeat":"repeat","background-position":"center center","background-size":"auto","background-attachment":"scroll","background-type":"","background-media":"","overlay-type":"","overlay-color":"","overlay-opacity":"","overlay-gradient":""}},"footnotes":""},"categories":[321],"tags":[],"class_list":["post-2529","post","type-post","status-publish","format-standard","has-post-thumbnail","hentry","category-puntos-de-interes"],"yoast_head":"<!-- This site is optimized with the Yoast SEO plugin v27.4 - https:\/\/yoast.com\/product\/yoast-seo-wordpress\/ -->\n<title>La Ciutadella de Roses - Rosas Inmobiliarias - Venta y alquiler de apartamentos y casas en Roses, Girona<\/title>\n<meta name=\"description\" content=\"Un paseo por el recinto de la Ciudadela es imprescindible para todo aquel que visite Roses. Declarada conjunto hist\u00f3rico-art\u00edstico en 1961.\" \/>\n<meta name=\"robots\" content=\"index, follow, max-snippet:-1, max-image-preview:large, max-video-preview:-1\" \/>\n<link rel=\"canonical\" href=\"https:\/\/rosasinmobiliarias.com\/de\/la-ciutadella-de-roses\/\" \/>\n<meta property=\"og:locale\" content=\"de_DE\" \/>\n<meta property=\"og:type\" content=\"article\" \/>\n<meta property=\"og:title\" content=\"La Ciutadella de Roses - Rosas Inmobiliarias - Venta y alquiler de apartamentos y casas en Roses, Girona\" \/>\n<meta property=\"og:description\" content=\"Un paseo por el recinto de la Ciudadela es imprescindible para todo aquel que visite Roses. Declarada conjunto hist\u00f3rico-art\u00edstico en 1961.\" \/>\n<meta property=\"og:url\" content=\"https:\/\/rosasinmobiliarias.com\/de\/la-ciutadella-de-roses\/\" \/>\n<meta property=\"og:site_name\" content=\"Rosas Inmobiliarias - Venta y alquiler de apartamentos y casas en Roses, Girona\" \/>\n<meta property=\"article:published_time\" content=\"2024-03-25T15:34:56+00:00\" \/>\n<meta property=\"article:modified_time\" content=\"2024-04-26T11:07:07+00:00\" \/>\n<meta property=\"og:image\" content=\"https:\/\/rosasinmobiliarias.com\/wp-content\/uploads\/2024\/03\/ciutadella-2.jpg\" \/>\n\t<meta property=\"og:image:width\" content=\"1280\" \/>\n\t<meta property=\"og:image:height\" content=\"960\" \/>\n\t<meta property=\"og:image:type\" content=\"image\/jpeg\" \/>\n<meta name=\"author\" content=\"admin\" \/>\n<meta name=\"twitter:card\" content=\"summary_large_image\" \/>\n<meta name=\"twitter:label1\" content=\"Verfasst von\" \/>\n\t<meta name=\"twitter:data1\" content=\"admin\" \/>\n\t<meta name=\"twitter:label2\" content=\"Gesch\u00e4tzte Lesezeit\" \/>\n\t<meta name=\"twitter:data2\" content=\"1\u00a0Minute\" \/>\n<script type=\"application\/ld+json\" class=\"yoast-schema-graph\">{\"@context\":\"https:\\\/\\\/schema.org\",\"@graph\":[{\"@type\":\"Article\",\"@id\":\"https:\\\/\\\/rosasinmobiliarias.com\\\/de\\\/la-ciutadella-de-roses\\\/#article\",\"isPartOf\":{\"@id\":\"https:\\\/\\\/rosasinmobiliarias.com\\\/de\\\/la-ciutadella-de-roses\\\/\"},\"author\":{\"name\":\"admin\",\"@id\":\"https:\\\/\\\/rosasinmobiliarias.com\\\/de\\\/#\\\/schema\\\/person\\\/30664c12aab63abc4e9a8d867eea2825\"},\"headline\":\"La Ciutadella de Roses\",\"datePublished\":\"2024-03-25T15:34:56+00:00\",\"dateModified\":\"2024-04-26T11:07:07+00:00\",\"mainEntityOfPage\":{\"@id\":\"https:\\\/\\\/rosasinmobiliarias.com\\\/de\\\/la-ciutadella-de-roses\\\/\"},\"wordCount\":170,\"publisher\":{\"@id\":\"https:\\\/\\\/rosasinmobiliarias.com\\\/de\\\/#organization\"},\"image\":{\"@id\":\"https:\\\/\\\/rosasinmobiliarias.com\\\/de\\\/la-ciutadella-de-roses\\\/#primaryimage\"},\"thumbnailUrl\":\"https:\\\/\\\/rosasinmobiliarias.com\\\/wp-content\\\/uploads\\\/2024\\\/03\\\/ciutadella-2.jpg\",\"articleSection\":[\"Puntos de inter\u00e9s\"],\"inLanguage\":\"de\"},{\"@type\":\"WebPage\",\"@id\":\"https:\\\/\\\/rosasinmobiliarias.com\\\/de\\\/la-ciutadella-de-roses\\\/\",\"url\":\"https:\\\/\\\/rosasinmobiliarias.com\\\/de\\\/la-ciutadella-de-roses\\\/\",\"name\":\"La Ciutadella de Roses - Rosas Inmobiliarias - Venta y alquiler de apartamentos y casas en Roses, Girona\",\"isPartOf\":{\"@id\":\"https:\\\/\\\/rosasinmobiliarias.com\\\/de\\\/#website\"},\"primaryImageOfPage\":{\"@id\":\"https:\\\/\\\/rosasinmobiliarias.com\\\/de\\\/la-ciutadella-de-roses\\\/#primaryimage\"},\"image\":{\"@id\":\"https:\\\/\\\/rosasinmobiliarias.com\\\/de\\\/la-ciutadella-de-roses\\\/#primaryimage\"},\"thumbnailUrl\":\"https:\\\/\\\/rosasinmobiliarias.com\\\/wp-content\\\/uploads\\\/2024\\\/03\\\/ciutadella-2.jpg\",\"datePublished\":\"2024-03-25T15:34:56+00:00\",\"dateModified\":\"2024-04-26T11:07:07+00:00\",\"description\":\"Un paseo por el recinto de la Ciudadela es imprescindible para todo aquel que visite Roses. Declarada conjunto hist\u00f3rico-art\u00edstico en 1961.\",\"breadcrumb\":{\"@id\":\"https:\\\/\\\/rosasinmobiliarias.com\\\/de\\\/la-ciutadella-de-roses\\\/#breadcrumb\"},\"inLanguage\":\"de\",\"potentialAction\":[{\"@type\":\"ReadAction\",\"target\":[\"https:\\\/\\\/rosasinmobiliarias.com\\\/de\\\/la-ciutadella-de-roses\\\/\"]}]},{\"@type\":\"ImageObject\",\"inLanguage\":\"de\",\"@id\":\"https:\\\/\\\/rosasinmobiliarias.com\\\/de\\\/la-ciutadella-de-roses\\\/#primaryimage\",\"url\":\"https:\\\/\\\/rosasinmobiliarias.com\\\/wp-content\\\/uploads\\\/2024\\\/03\\\/ciutadella-2.jpg\",\"contentUrl\":\"https:\\\/\\\/rosasinmobiliarias.com\\\/wp-content\\\/uploads\\\/2024\\\/03\\\/ciutadella-2.jpg\",\"width\":1280,\"height\":960,\"caption\":\"Ciutadella de Roses (Foto Wikipedia)\"},{\"@type\":\"BreadcrumbList\",\"@id\":\"https:\\\/\\\/rosasinmobiliarias.com\\\/de\\\/la-ciutadella-de-roses\\\/#breadcrumb\",\"itemListElement\":[{\"@type\":\"ListItem\",\"position\":1,\"name\":\"Portada\",\"item\":\"https:\\\/\\\/rosasinmobiliarias.com\\\/de\\\/\"},{\"@type\":\"ListItem\",\"position\":2,\"name\":\"La Ciutadella de Roses\"}]},{\"@type\":\"WebSite\",\"@id\":\"https:\\\/\\\/rosasinmobiliarias.com\\\/de\\\/#website\",\"url\":\"https:\\\/\\\/rosasinmobiliarias.com\\\/de\\\/\",\"name\":\"Rosas Inmobiliarias - Venta y alquiler de apartamentos y casas en Roses, Girona\",\"description\":\"Agencia inmobiliaria especialistas en ventas y alquileres de temporada en Roses, Girona, Costa Brava.\",\"publisher\":{\"@id\":\"https:\\\/\\\/rosasinmobiliarias.com\\\/de\\\/#organization\"},\"potentialAction\":[{\"@type\":\"SearchAction\",\"target\":{\"@type\":\"EntryPoint\",\"urlTemplate\":\"https:\\\/\\\/rosasinmobiliarias.com\\\/de\\\/?s={search_term_string}\"},\"query-input\":{\"@type\":\"PropertyValueSpecification\",\"valueRequired\":true,\"valueName\":\"search_term_string\"}}],\"inLanguage\":\"de\"},{\"@type\":\"Organization\",\"@id\":\"https:\\\/\\\/rosasinmobiliarias.com\\\/de\\\/#organization\",\"name\":\"Inmo Holiday Roses Sl\",\"url\":\"https:\\\/\\\/rosasinmobiliarias.com\\\/de\\\/\",\"logo\":{\"@type\":\"ImageObject\",\"inLanguage\":\"de\",\"@id\":\"https:\\\/\\\/rosasinmobiliarias.com\\\/de\\\/#\\\/schema\\\/logo\\\/image\\\/\",\"url\":\"https:\\\/\\\/rosasinmobiliarias.com\\\/wp-content\\\/uploads\\\/2024\\\/05\\\/logo.png\",\"contentUrl\":\"https:\\\/\\\/rosasinmobiliarias.com\\\/wp-content\\\/uploads\\\/2024\\\/05\\\/logo.png\",\"width\":400,\"height\":101,\"caption\":\"Inmo Holiday Roses Sl\"},\"image\":{\"@id\":\"https:\\\/\\\/rosasinmobiliarias.com\\\/de\\\/#\\\/schema\\\/logo\\\/image\\\/\"}},{\"@type\":\"Person\",\"@id\":\"https:\\\/\\\/rosasinmobiliarias.com\\\/de\\\/#\\\/schema\\\/person\\\/30664c12aab63abc4e9a8d867eea2825\",\"name\":\"admin\",\"image\":{\"@type\":\"ImageObject\",\"inLanguage\":\"de\",\"@id\":\"https:\\\/\\\/secure.gravatar.com\\\/avatar\\\/e08310ecf488d9de7c74b14e90bc2cb6e0859e9dedbc7c93bc9bb131b61de313?s=96&d=mm&r=g\",\"url\":\"https:\\\/\\\/secure.gravatar.com\\\/avatar\\\/e08310ecf488d9de7c74b14e90bc2cb6e0859e9dedbc7c93bc9bb131b61de313?s=96&d=mm&r=g\",\"contentUrl\":\"https:\\\/\\\/secure.gravatar.com\\\/avatar\\\/e08310ecf488d9de7c74b14e90bc2cb6e0859e9dedbc7c93bc9bb131b61de313?s=96&d=mm&r=g\",\"caption\":\"admin\"},\"sameAs\":[\"https:\\\/\\\/rosasinmobiliarias.com\"],\"url\":\"https:\\\/\\\/rosasinmobiliarias.com\\\/de\\\/author\\\/admin\\\/\"}]}<\/script>\n<!-- \/ Yoast SEO plugin. -->","yoast_head_json":{"title":"La Ciutadella de Roses - Rosas Inmobiliarias - Venta y alquiler de apartamentos y casas en Roses, Girona","description":"Un paseo por el recinto de la Ciudadela es imprescindible para todo aquel que visite Roses. Declarada conjunto hist\u00f3rico-art\u00edstico en 1961.","robots":{"index":"index","follow":"follow","max-snippet":"max-snippet:-1","max-image-preview":"max-image-preview:large","max-video-preview":"max-video-preview:-1"},"canonical":"https:\/\/rosasinmobiliarias.com\/de\/la-ciutadella-de-roses\/","og_locale":"de_DE","og_type":"article","og_title":"La Ciutadella de Roses - Rosas Inmobiliarias - Venta y alquiler de apartamentos y casas en Roses, Girona","og_description":"Un paseo por el recinto de la Ciudadela es imprescindible para todo aquel que visite Roses. Declarada conjunto hist\u00f3rico-art\u00edstico en 1961.","og_url":"https:\/\/rosasinmobiliarias.com\/de\/la-ciutadella-de-roses\/","og_site_name":"Rosas Inmobiliarias - Venta y alquiler de apartamentos y casas en Roses, Girona","article_published_time":"2024-03-25T15:34:56+00:00","article_modified_time":"2024-04-26T11:07:07+00:00","og_image":[{"width":1280,"height":960,"url":"https:\/\/rosasinmobiliarias.com\/wp-content\/uploads\/2024\/03\/ciutadella-2.jpg","type":"image\/jpeg"}],"author":"admin","twitter_card":"summary_large_image","twitter_misc":{"Verfasst von":"admin","Gesch\u00e4tzte Lesezeit":"1\u00a0Minute"},"schema":{"@context":"https:\/\/schema.org","@graph":[{"@type":"Article","@id":"https:\/\/rosasinmobiliarias.com\/de\/la-ciutadella-de-roses\/#article","isPartOf":{"@id":"https:\/\/rosasinmobiliarias.com\/de\/la-ciutadella-de-roses\/"},"author":{"name":"admin","@id":"https:\/\/rosasinmobiliarias.com\/de\/#\/schema\/person\/30664c12aab63abc4e9a8d867eea2825"},"headline":"La Ciutadella de Roses","datePublished":"2024-03-25T15:34:56+00:00","dateModified":"2024-04-26T11:07:07+00:00","mainEntityOfPage":{"@id":"https:\/\/rosasinmobiliarias.com\/de\/la-ciutadella-de-roses\/"},"wordCount":170,"publisher":{"@id":"https:\/\/rosasinmobiliarias.com\/de\/#organization"},"image":{"@id":"https:\/\/rosasinmobiliarias.com\/de\/la-ciutadella-de-roses\/#primaryimage"},"thumbnailUrl":"https:\/\/rosasinmobiliarias.com\/wp-content\/uploads\/2024\/03\/ciutadella-2.jpg","articleSection":["Puntos de inter\u00e9s"],"inLanguage":"de"},{"@type":"WebPage","@id":"https:\/\/rosasinmobiliarias.com\/de\/la-ciutadella-de-roses\/","url":"https:\/\/rosasinmobiliarias.com\/de\/la-ciutadella-de-roses\/","name":"La Ciutadella de Roses - Rosas Inmobiliarias - Venta y alquiler de apartamentos y casas en Roses, Girona","isPartOf":{"@id":"https:\/\/rosasinmobiliarias.com\/de\/#website"},"primaryImageOfPage":{"@id":"https:\/\/rosasinmobiliarias.com\/de\/la-ciutadella-de-roses\/#primaryimage"},"image":{"@id":"https:\/\/rosasinmobiliarias.com\/de\/la-ciutadella-de-roses\/#primaryimage"},"thumbnailUrl":"https:\/\/rosasinmobiliarias.com\/wp-content\/uploads\/2024\/03\/ciutadella-2.jpg","datePublished":"2024-03-25T15:34:56+00:00","dateModified":"2024-04-26T11:07:07+00:00","description":"Un paseo por el recinto de la Ciudadela es imprescindible para todo aquel que visite Roses. Declarada conjunto hist\u00f3rico-art\u00edstico en 1961.","breadcrumb":{"@id":"https:\/\/rosasinmobiliarias.com\/de\/la-ciutadella-de-roses\/#breadcrumb"},"inLanguage":"de","potentialAction":[{"@type":"ReadAction","target":["https:\/\/rosasinmobiliarias.com\/de\/la-ciutadella-de-roses\/"]}]},{"@type":"ImageObject","inLanguage":"de","@id":"https:\/\/rosasinmobiliarias.com\/de\/la-ciutadella-de-roses\/#primaryimage","url":"https:\/\/rosasinmobiliarias.com\/wp-content\/uploads\/2024\/03\/ciutadella-2.jpg","contentUrl":"https:\/\/rosasinmobiliarias.com\/wp-content\/uploads\/2024\/03\/ciutadella-2.jpg","width":1280,"height":960,"caption":"Ciutadella de Roses (Foto Wikipedia)"},{"@type":"BreadcrumbList","@id":"https:\/\/rosasinmobiliarias.com\/de\/la-ciutadella-de-roses\/#breadcrumb","itemListElement":[{"@type":"ListItem","position":1,"name":"Portada","item":"https:\/\/rosasinmobiliarias.com\/de\/"},{"@type":"ListItem","position":2,"name":"La Ciutadella de Roses"}]},{"@type":"WebSite","@id":"https:\/\/rosasinmobiliarias.com\/de\/#website","url":"https:\/\/rosasinmobiliarias.com\/de\/","name":"Rosas Inmobiliarias - Venta y alquiler de apartamentos y casas en Roses, Girona","description":"Agencia inmobiliaria especialistas en ventas y alquileres de temporada en Roses, Girona, Costa Brava.","publisher":{"@id":"https:\/\/rosasinmobiliarias.com\/de\/#organization"},"potentialAction":[{"@type":"SearchAction","target":{"@type":"EntryPoint","urlTemplate":"https:\/\/rosasinmobiliarias.com\/de\/?s={search_term_string}"},"query-input":{"@type":"PropertyValueSpecification","valueRequired":true,"valueName":"search_term_string"}}],"inLanguage":"de"},{"@type":"Organization","@id":"https:\/\/rosasinmobiliarias.com\/de\/#organization","name":"Inmo Holiday Roses Sl","url":"https:\/\/rosasinmobiliarias.com\/de\/","logo":{"@type":"ImageObject","inLanguage":"de","@id":"https:\/\/rosasinmobiliarias.com\/de\/#\/schema\/logo\/image\/","url":"https:\/\/rosasinmobiliarias.com\/wp-content\/uploads\/2024\/05\/logo.png","contentUrl":"https:\/\/rosasinmobiliarias.com\/wp-content\/uploads\/2024\/05\/logo.png","width":400,"height":101,"caption":"Inmo Holiday Roses Sl"},"image":{"@id":"https:\/\/rosasinmobiliarias.com\/de\/#\/schema\/logo\/image\/"}},{"@type":"Person","@id":"https:\/\/rosasinmobiliarias.com\/de\/#\/schema\/person\/30664c12aab63abc4e9a8d867eea2825","name":"admin","image":{"@type":"ImageObject","inLanguage":"de","@id":"https:\/\/secure.gravatar.com\/avatar\/e08310ecf488d9de7c74b14e90bc2cb6e0859e9dedbc7c93bc9bb131b61de313?s=96&d=mm&r=g","url":"https:\/\/secure.gravatar.com\/avatar\/e08310ecf488d9de7c74b14e90bc2cb6e0859e9dedbc7c93bc9bb131b61de313?s=96&d=mm&r=g","contentUrl":"https:\/\/secure.gravatar.com\/avatar\/e08310ecf488d9de7c74b14e90bc2cb6e0859e9dedbc7c93bc9bb131b61de313?s=96&d=mm&r=g","caption":"admin"},"sameAs":["https:\/\/rosasinmobiliarias.com"],"url":"https:\/\/rosasinmobiliarias.com\/de\/author\/admin\/"}]}},"_links":{"self":[{"href":"https:\/\/rosasinmobiliarias.com\/de\/wp-json\/wp\/v2\/posts\/2529","targetHints":{"allow":["GET"]}}],"collection":[{"href":"https:\/\/rosasinmobiliarias.com\/de\/wp-json\/wp\/v2\/posts"}],"about":[{"href":"https:\/\/rosasinmobiliarias.com\/de\/wp-json\/wp\/v2\/types\/post"}],"author":[{"embeddable":true,"href":"https:\/\/rosasinmobiliarias.com\/de\/wp-json\/wp\/v2\/users\/1"}],"replies":[{"embeddable":true,"href":"https:\/\/rosasinmobiliarias.com\/de\/wp-json\/wp\/v2\/comments?post=2529"}],"version-history":[{"count":0,"href":"https:\/\/rosasinmobiliarias.com\/de\/wp-json\/wp\/v2\/posts\/2529\/revisions"}],"wp:featuredmedia":[{"embeddable":true,"href":"https:\/\/rosasinmobiliarias.com\/de\/wp-json\/wp\/v2\/media\/6049"}],"wp:attachment":[{"href":"https:\/\/rosasinmobiliarias.com\/de\/wp-json\/wp\/v2\/media?parent=2529"}],"wp:term":[{"taxonomy":"category","embeddable":true,"href":"https:\/\/rosasinmobiliarias.com\/de\/wp-json\/wp\/v2\/categories?post=2529"},{"taxonomy":"post_tag","embeddable":true,"href":"https:\/\/rosasinmobiliarias.com\/de\/wp-json\/wp\/v2\/tags?post=2529"}],"curies":[{"name":"wp","href":"https:\/\/api.w.org\/{rel}","templated":true}]}}