{"id":2486,"date":"2024-03-25T16:07:01","date_gmt":"2024-03-25T15:07:01","guid":{"rendered":"https:\/\/rosasinmobiliarias.com\/?p=2486"},"modified":"2024-04-26T13:17:29","modified_gmt":"2024-04-26T11:17:29","slug":"islas-medas","status":"publish","type":"post","link":"https:\/\/rosasinmobiliarias.com\/en\/islas-medas\/","title":{"rendered":"Islas Medas"},"content":{"rendered":"<p>Las islas Medas son un archipi\u00e9lago situado en el mar Mediterr\u00e1neo formado por unas siete islas y algunos islotes frente a la costa de Catalu\u00f1a (noreste de Espa\u00f1a). Tiene una superficie aproximada de 21,5 ha. Posee un fondo marino, favorecido por su proximidad a la desembocadura del r\u00edo Ter, que atrae a numerosos investigadores que lo estudian cada a\u00f1o haciendo de esta reserva mar\u00edtima una de las m\u00e1s importantes del Mediterr\u00e1neo y la m\u00e1s grande en extensi\u00f3n de Catalu\u00f1a. La isla con m\u00e1s longitud del grupo es la Meda Gran. Est\u00e1n declaradas como ZEPIM.<\/p>\n<p>Algunos nombres de las islas de este archipi\u00e9lago son el Medallot, la Meda Petita, les Ferrenelles, el Tasc\u00f3 Gros, el Tasc\u00f3 petit y el Cavall Bernat.<\/p>\n<p>Los restos de naufragios que se han encontrado prueban que las islas fueron transitadas por el hombre des de hace mucho tiempo, siendo a menudo una base de los piratas para sus incursiones a la costa. Hasta 1934 estuvieron habitadas.<\/p>\n<p>La protecci\u00f3n de las islas se inici\u00f3 en 1983 con una Orden de la Generalitat de Catalunya. En 1985 una resoluci\u00f3n estableci\u00f3 normas de cumplimiento obligatorio en la zona vetada. En 1990, integr\u00e1ndose unos a\u00f1os m\u00e1s tarde en el PEIN, se promulg\u00f3 una ley para la protecci\u00f3n y conservaci\u00f3n de la flora y fauna del fondo marino de las Islas Medas y de la parte de costa del Montgr\u00ed, entre la Roca del Molinet y Punta Salines.<\/p>\n","protected":false},"excerpt":{"rendered":"<p>Las islas Medas son un archipi\u00e9lago situado en el mar Mediterr\u00e1neo formado por unas siete islas y algunos islotes frente a la costa de Catalu\u00f1a (noreste de Espa\u00f1a). <\/p>\n","protected":false},"author":1,"featured_media":2487,"comment_status":"closed","ping_status":"open","sticky":false,"template":"","format":"standard","meta":{"site-sidebar-layout":"default","site-content-layout":"","ast-site-content-layout":"default","site-content-style":"default","site-sidebar-style":"default","ast-global-header-display":"","ast-banner-title-visibility":"","ast-main-header-display":"","ast-hfb-above-header-display":"","ast-hfb-below-header-display":"","ast-hfb-mobile-header-display":"","site-post-title":"","ast-breadcrumbs-content":"","ast-featured-img":"","footer-sml-layout":"","ast-disable-related-posts":"","theme-transparent-header-meta":"default","adv-header-id-meta":"","stick-header-meta":"default","header-above-stick-meta":"","header-main-stick-meta":"","header-below-stick-meta":"","astra-migrate-meta-layouts":"set","ast-page-background-enabled":"default","ast-page-background-meta":{"desktop":{"background-color":"var(--ast-global-color-4)","background-image":"","background-repeat":"repeat","background-position":"center center","background-size":"auto","background-attachment":"scroll","background-type":"","background-media":"","overlay-type":"","overlay-color":"","overlay-opacity":"","overlay-gradient":""},"tablet":{"background-color":"","background-image":"","background-repeat":"repeat","background-position":"center center","background-size":"auto","background-attachment":"scroll","background-type":"","background-media":"","overlay-type":"","overlay-color":"","overlay-opacity":"","overlay-gradient":""},"mobile":{"background-color":"","background-image":"","background-repeat":"repeat","background-position":"center center","background-size":"auto","background-attachment":"scroll","background-type":"","background-media":"","overlay-type":"","overlay-color":"","overlay-opacity":"","overlay-gradient":""}},"ast-content-background-meta":{"desktop":{"background-color":"var(--ast-global-color-5)","background-image":"","background-repeat":"repeat","background-position":"center center","background-size":"auto","background-attachment":"scroll","background-type":"","background-media":"","overlay-type":"","overlay-color":"","overlay-opacity":"","overlay-gradient":""},"tablet":{"background-color":"var(--ast-global-color-5)","background-image":"","background-repeat":"repeat","background-position":"center center","background-size":"auto","background-attachment":"scroll","background-type":"","background-media":"","overlay-type":"","overlay-color":"","overlay-opacity":"","overlay-gradient":""},"mobile":{"background-color":"var(--ast-global-color-5)","background-image":"","background-repeat":"repeat","background-position":"center center","background-size":"auto","background-attachment":"scroll","background-type":"","background-media":"","overlay-type":"","overlay-color":"","overlay-opacity":"","overlay-gradient":""}},"footnotes":""},"categories":[321],"tags":[],"class_list":["post-2486","post","type-post","status-publish","format-standard","has-post-thumbnail","hentry","category-puntos-de-interes"],"yoast_head":"<!-- This site is optimized with the Yoast SEO plugin v27.4 - https:\/\/yoast.com\/product\/yoast-seo-wordpress\/ -->\n<title>Islas Medas - Rosas Inmobiliarias - Venta y alquiler de apartamentos y casas en Roses, Girona<\/title>\n<meta name=\"robots\" content=\"index, follow, max-snippet:-1, max-image-preview:large, max-video-preview:-1\" \/>\n<link rel=\"canonical\" href=\"https:\/\/rosasinmobiliarias.com\/en\/islas-medas\/\" \/>\n<meta property=\"og:locale\" content=\"en_US\" \/>\n<meta property=\"og:type\" content=\"article\" \/>\n<meta property=\"og:title\" content=\"Islas Medas - Rosas Inmobiliarias - Venta y alquiler de apartamentos y casas en Roses, Girona\" \/>\n<meta property=\"og:description\" content=\"Las islas Medas son un archipi\u00e9lago situado en el mar Mediterr\u00e1neo formado por unas siete islas y algunos islotes frente a la costa de Catalu\u00f1a (noreste de Espa\u00f1a).\" \/>\n<meta property=\"og:url\" content=\"https:\/\/rosasinmobiliarias.com\/en\/islas-medas\/\" \/>\n<meta property=\"og:site_name\" content=\"Rosas Inmobiliarias - Venta y alquiler de apartamentos y casas en Roses, Girona\" \/>\n<meta property=\"article:published_time\" content=\"2024-03-25T15:07:01+00:00\" \/>\n<meta property=\"article:modified_time\" content=\"2024-04-26T11:17:29+00:00\" \/>\n<meta property=\"og:image\" content=\"https:\/\/rosasinmobiliarias.com\/wp-content\/uploads\/2024\/03\/medes.jpg\" \/>\n\t<meta property=\"og:image:width\" content=\"500\" \/>\n\t<meta property=\"og:image:height\" content=\"338\" \/>\n\t<meta property=\"og:image:type\" content=\"image\/jpeg\" \/>\n<meta name=\"author\" content=\"admin\" \/>\n<meta name=\"twitter:card\" content=\"summary_large_image\" \/>\n<meta name=\"twitter:label1\" content=\"Written by\" \/>\n\t<meta name=\"twitter:data1\" content=\"admin\" \/>\n\t<meta name=\"twitter:label2\" content=\"Est. reading time\" \/>\n\t<meta name=\"twitter:data2\" content=\"2 minutes\" \/>\n<script type=\"application\/ld+json\" class=\"yoast-schema-graph\">{\"@context\":\"https:\\\/\\\/schema.org\",\"@graph\":[{\"@type\":\"Article\",\"@id\":\"https:\\\/\\\/rosasinmobiliarias.com\\\/en\\\/islas-medas\\\/#article\",\"isPartOf\":{\"@id\":\"https:\\\/\\\/rosasinmobiliarias.com\\\/en\\\/islas-medas\\\/\"},\"author\":{\"name\":\"admin\",\"@id\":\"https:\\\/\\\/rosasinmobiliarias.com\\\/en\\\/#\\\/schema\\\/person\\\/30664c12aab63abc4e9a8d867eea2825\"},\"headline\":\"Islas Medas\",\"datePublished\":\"2024-03-25T15:07:01+00:00\",\"dateModified\":\"2024-04-26T11:17:29+00:00\",\"mainEntityOfPage\":{\"@id\":\"https:\\\/\\\/rosasinmobiliarias.com\\\/en\\\/islas-medas\\\/\"},\"wordCount\":256,\"publisher\":{\"@id\":\"https:\\\/\\\/rosasinmobiliarias.com\\\/en\\\/#organization\"},\"image\":{\"@id\":\"https:\\\/\\\/rosasinmobiliarias.com\\\/en\\\/islas-medas\\\/#primaryimage\"},\"thumbnailUrl\":\"https:\\\/\\\/rosasinmobiliarias.com\\\/wp-content\\\/uploads\\\/2024\\\/03\\\/medes.jpg\",\"articleSection\":[\"Puntos de inter\u00e9s\"],\"inLanguage\":\"en-US\"},{\"@type\":\"WebPage\",\"@id\":\"https:\\\/\\\/rosasinmobiliarias.com\\\/en\\\/islas-medas\\\/\",\"url\":\"https:\\\/\\\/rosasinmobiliarias.com\\\/en\\\/islas-medas\\\/\",\"name\":\"Islas Medas - Rosas Inmobiliarias - Venta y alquiler de apartamentos y casas en Roses, Girona\",\"isPartOf\":{\"@id\":\"https:\\\/\\\/rosasinmobiliarias.com\\\/en\\\/#website\"},\"primaryImageOfPage\":{\"@id\":\"https:\\\/\\\/rosasinmobiliarias.com\\\/en\\\/islas-medas\\\/#primaryimage\"},\"image\":{\"@id\":\"https:\\\/\\\/rosasinmobiliarias.com\\\/en\\\/islas-medas\\\/#primaryimage\"},\"thumbnailUrl\":\"https:\\\/\\\/rosasinmobiliarias.com\\\/wp-content\\\/uploads\\\/2024\\\/03\\\/medes.jpg\",\"datePublished\":\"2024-03-25T15:07:01+00:00\",\"dateModified\":\"2024-04-26T11:17:29+00:00\",\"breadcrumb\":{\"@id\":\"https:\\\/\\\/rosasinmobiliarias.com\\\/en\\\/islas-medas\\\/#breadcrumb\"},\"inLanguage\":\"en-US\",\"potentialAction\":[{\"@type\":\"ReadAction\",\"target\":[\"https:\\\/\\\/rosasinmobiliarias.com\\\/en\\\/islas-medas\\\/\"]}]},{\"@type\":\"ImageObject\",\"inLanguage\":\"en-US\",\"@id\":\"https:\\\/\\\/rosasinmobiliarias.com\\\/en\\\/islas-medas\\\/#primaryimage\",\"url\":\"https:\\\/\\\/rosasinmobiliarias.com\\\/wp-content\\\/uploads\\\/2024\\\/03\\\/medes.jpg\",\"contentUrl\":\"https:\\\/\\\/rosasinmobiliarias.com\\\/wp-content\\\/uploads\\\/2024\\\/03\\\/medes.jpg\",\"width\":500,\"height\":338,\"caption\":\"Islas Medas\"},{\"@type\":\"BreadcrumbList\",\"@id\":\"https:\\\/\\\/rosasinmobiliarias.com\\\/en\\\/islas-medas\\\/#breadcrumb\",\"itemListElement\":[{\"@type\":\"ListItem\",\"position\":1,\"name\":\"Portada\",\"item\":\"https:\\\/\\\/rosasinmobiliarias.com\\\/en\\\/home\\\/\"},{\"@type\":\"ListItem\",\"position\":2,\"name\":\"Islas Medas\"}]},{\"@type\":\"WebSite\",\"@id\":\"https:\\\/\\\/rosasinmobiliarias.com\\\/en\\\/#website\",\"url\":\"https:\\\/\\\/rosasinmobiliarias.com\\\/en\\\/\",\"name\":\"Rosas Inmobiliarias - Venta y alquiler de apartamentos y casas en Roses, Girona\",\"description\":\"Agencia inmobiliaria especialistas en ventas y alquileres de temporada en Roses, Girona, Costa Brava.\",\"publisher\":{\"@id\":\"https:\\\/\\\/rosasinmobiliarias.com\\\/en\\\/#organization\"},\"potentialAction\":[{\"@type\":\"SearchAction\",\"target\":{\"@type\":\"EntryPoint\",\"urlTemplate\":\"https:\\\/\\\/rosasinmobiliarias.com\\\/en\\\/?s={search_term_string}\"},\"query-input\":{\"@type\":\"PropertyValueSpecification\",\"valueRequired\":true,\"valueName\":\"search_term_string\"}}],\"inLanguage\":\"en-US\"},{\"@type\":\"Organization\",\"@id\":\"https:\\\/\\\/rosasinmobiliarias.com\\\/en\\\/#organization\",\"name\":\"Inmo Holiday Roses Sl\",\"url\":\"https:\\\/\\\/rosasinmobiliarias.com\\\/en\\\/\",\"logo\":{\"@type\":\"ImageObject\",\"inLanguage\":\"en-US\",\"@id\":\"https:\\\/\\\/rosasinmobiliarias.com\\\/en\\\/#\\\/schema\\\/logo\\\/image\\\/\",\"url\":\"https:\\\/\\\/rosasinmobiliarias.com\\\/wp-content\\\/uploads\\\/2024\\\/05\\\/logo.png\",\"contentUrl\":\"https:\\\/\\\/rosasinmobiliarias.com\\\/wp-content\\\/uploads\\\/2024\\\/05\\\/logo.png\",\"width\":400,\"height\":101,\"caption\":\"Inmo Holiday Roses Sl\"},\"image\":{\"@id\":\"https:\\\/\\\/rosasinmobiliarias.com\\\/en\\\/#\\\/schema\\\/logo\\\/image\\\/\"}},{\"@type\":\"Person\",\"@id\":\"https:\\\/\\\/rosasinmobiliarias.com\\\/en\\\/#\\\/schema\\\/person\\\/30664c12aab63abc4e9a8d867eea2825\",\"name\":\"admin\",\"image\":{\"@type\":\"ImageObject\",\"inLanguage\":\"en-US\",\"@id\":\"https:\\\/\\\/secure.gravatar.com\\\/avatar\\\/e08310ecf488d9de7c74b14e90bc2cb6e0859e9dedbc7c93bc9bb131b61de313?s=96&d=mm&r=g\",\"url\":\"https:\\\/\\\/secure.gravatar.com\\\/avatar\\\/e08310ecf488d9de7c74b14e90bc2cb6e0859e9dedbc7c93bc9bb131b61de313?s=96&d=mm&r=g\",\"contentUrl\":\"https:\\\/\\\/secure.gravatar.com\\\/avatar\\\/e08310ecf488d9de7c74b14e90bc2cb6e0859e9dedbc7c93bc9bb131b61de313?s=96&d=mm&r=g\",\"caption\":\"admin\"},\"sameAs\":[\"https:\\\/\\\/rosasinmobiliarias.com\"],\"url\":\"https:\\\/\\\/rosasinmobiliarias.com\\\/en\\\/author\\\/admin\\\/\"}]}<\/script>\n<!-- \/ Yoast SEO plugin. -->","yoast_head_json":{"title":"Islas Medas - Rosas Inmobiliarias - Venta y alquiler de apartamentos y casas en Roses, Girona","robots":{"index":"index","follow":"follow","max-snippet":"max-snippet:-1","max-image-preview":"max-image-preview:large","max-video-preview":"max-video-preview:-1"},"canonical":"https:\/\/rosasinmobiliarias.com\/en\/islas-medas\/","og_locale":"en_US","og_type":"article","og_title":"Islas Medas - Rosas Inmobiliarias - Venta y alquiler de apartamentos y casas en Roses, Girona","og_description":"Las islas Medas son un archipi\u00e9lago situado en el mar Mediterr\u00e1neo formado por unas siete islas y algunos islotes frente a la costa de Catalu\u00f1a (noreste de Espa\u00f1a).","og_url":"https:\/\/rosasinmobiliarias.com\/en\/islas-medas\/","og_site_name":"Rosas Inmobiliarias - Venta y alquiler de apartamentos y casas en Roses, Girona","article_published_time":"2024-03-25T15:07:01+00:00","article_modified_time":"2024-04-26T11:17:29+00:00","og_image":[{"width":500,"height":338,"url":"https:\/\/rosasinmobiliarias.com\/wp-content\/uploads\/2024\/03\/medes.jpg","type":"image\/jpeg"}],"author":"admin","twitter_card":"summary_large_image","twitter_misc":{"Written by":"admin","Est. reading time":"2 minutes"},"schema":{"@context":"https:\/\/schema.org","@graph":[{"@type":"Article","@id":"https:\/\/rosasinmobiliarias.com\/en\/islas-medas\/#article","isPartOf":{"@id":"https:\/\/rosasinmobiliarias.com\/en\/islas-medas\/"},"author":{"name":"admin","@id":"https:\/\/rosasinmobiliarias.com\/en\/#\/schema\/person\/30664c12aab63abc4e9a8d867eea2825"},"headline":"Islas Medas","datePublished":"2024-03-25T15:07:01+00:00","dateModified":"2024-04-26T11:17:29+00:00","mainEntityOfPage":{"@id":"https:\/\/rosasinmobiliarias.com\/en\/islas-medas\/"},"wordCount":256,"publisher":{"@id":"https:\/\/rosasinmobiliarias.com\/en\/#organization"},"image":{"@id":"https:\/\/rosasinmobiliarias.com\/en\/islas-medas\/#primaryimage"},"thumbnailUrl":"https:\/\/rosasinmobiliarias.com\/wp-content\/uploads\/2024\/03\/medes.jpg","articleSection":["Puntos de inter\u00e9s"],"inLanguage":"en-US"},{"@type":"WebPage","@id":"https:\/\/rosasinmobiliarias.com\/en\/islas-medas\/","url":"https:\/\/rosasinmobiliarias.com\/en\/islas-medas\/","name":"Islas Medas - Rosas Inmobiliarias - Venta y alquiler de apartamentos y casas en Roses, Girona","isPartOf":{"@id":"https:\/\/rosasinmobiliarias.com\/en\/#website"},"primaryImageOfPage":{"@id":"https:\/\/rosasinmobiliarias.com\/en\/islas-medas\/#primaryimage"},"image":{"@id":"https:\/\/rosasinmobiliarias.com\/en\/islas-medas\/#primaryimage"},"thumbnailUrl":"https:\/\/rosasinmobiliarias.com\/wp-content\/uploads\/2024\/03\/medes.jpg","datePublished":"2024-03-25T15:07:01+00:00","dateModified":"2024-04-26T11:17:29+00:00","breadcrumb":{"@id":"https:\/\/rosasinmobiliarias.com\/en\/islas-medas\/#breadcrumb"},"inLanguage":"en-US","potentialAction":[{"@type":"ReadAction","target":["https:\/\/rosasinmobiliarias.com\/en\/islas-medas\/"]}]},{"@type":"ImageObject","inLanguage":"en-US","@id":"https:\/\/rosasinmobiliarias.com\/en\/islas-medas\/#primaryimage","url":"https:\/\/rosasinmobiliarias.com\/wp-content\/uploads\/2024\/03\/medes.jpg","contentUrl":"https:\/\/rosasinmobiliarias.com\/wp-content\/uploads\/2024\/03\/medes.jpg","width":500,"height":338,"caption":"Islas Medas"},{"@type":"BreadcrumbList","@id":"https:\/\/rosasinmobiliarias.com\/en\/islas-medas\/#breadcrumb","itemListElement":[{"@type":"ListItem","position":1,"name":"Portada","item":"https:\/\/rosasinmobiliarias.com\/en\/home\/"},{"@type":"ListItem","position":2,"name":"Islas Medas"}]},{"@type":"WebSite","@id":"https:\/\/rosasinmobiliarias.com\/en\/#website","url":"https:\/\/rosasinmobiliarias.com\/en\/","name":"Rosas Inmobiliarias - Venta y alquiler de apartamentos y casas en Roses, Girona","description":"Agencia inmobiliaria especialistas en ventas y alquileres de temporada en Roses, Girona, Costa Brava.","publisher":{"@id":"https:\/\/rosasinmobiliarias.com\/en\/#organization"},"potentialAction":[{"@type":"SearchAction","target":{"@type":"EntryPoint","urlTemplate":"https:\/\/rosasinmobiliarias.com\/en\/?s={search_term_string}"},"query-input":{"@type":"PropertyValueSpecification","valueRequired":true,"valueName":"search_term_string"}}],"inLanguage":"en-US"},{"@type":"Organization","@id":"https:\/\/rosasinmobiliarias.com\/en\/#organization","name":"Inmo Holiday Roses Sl","url":"https:\/\/rosasinmobiliarias.com\/en\/","logo":{"@type":"ImageObject","inLanguage":"en-US","@id":"https:\/\/rosasinmobiliarias.com\/en\/#\/schema\/logo\/image\/","url":"https:\/\/rosasinmobiliarias.com\/wp-content\/uploads\/2024\/05\/logo.png","contentUrl":"https:\/\/rosasinmobiliarias.com\/wp-content\/uploads\/2024\/05\/logo.png","width":400,"height":101,"caption":"Inmo Holiday Roses Sl"},"image":{"@id":"https:\/\/rosasinmobiliarias.com\/en\/#\/schema\/logo\/image\/"}},{"@type":"Person","@id":"https:\/\/rosasinmobiliarias.com\/en\/#\/schema\/person\/30664c12aab63abc4e9a8d867eea2825","name":"admin","image":{"@type":"ImageObject","inLanguage":"en-US","@id":"https:\/\/secure.gravatar.com\/avatar\/e08310ecf488d9de7c74b14e90bc2cb6e0859e9dedbc7c93bc9bb131b61de313?s=96&d=mm&r=g","url":"https:\/\/secure.gravatar.com\/avatar\/e08310ecf488d9de7c74b14e90bc2cb6e0859e9dedbc7c93bc9bb131b61de313?s=96&d=mm&r=g","contentUrl":"https:\/\/secure.gravatar.com\/avatar\/e08310ecf488d9de7c74b14e90bc2cb6e0859e9dedbc7c93bc9bb131b61de313?s=96&d=mm&r=g","caption":"admin"},"sameAs":["https:\/\/rosasinmobiliarias.com"],"url":"https:\/\/rosasinmobiliarias.com\/en\/author\/admin\/"}]}},"_links":{"self":[{"href":"https:\/\/rosasinmobiliarias.com\/en\/wp-json\/wp\/v2\/posts\/2486","targetHints":{"allow":["GET"]}}],"collection":[{"href":"https:\/\/rosasinmobiliarias.com\/en\/wp-json\/wp\/v2\/posts"}],"about":[{"href":"https:\/\/rosasinmobiliarias.com\/en\/wp-json\/wp\/v2\/types\/post"}],"author":[{"embeddable":true,"href":"https:\/\/rosasinmobiliarias.com\/en\/wp-json\/wp\/v2\/users\/1"}],"replies":[{"embeddable":true,"href":"https:\/\/rosasinmobiliarias.com\/en\/wp-json\/wp\/v2\/comments?post=2486"}],"version-history":[{"count":0,"href":"https:\/\/rosasinmobiliarias.com\/en\/wp-json\/wp\/v2\/posts\/2486\/revisions"}],"wp:featuredmedia":[{"embeddable":true,"href":"https:\/\/rosasinmobiliarias.com\/en\/wp-json\/wp\/v2\/media\/2487"}],"wp:attachment":[{"href":"https:\/\/rosasinmobiliarias.com\/en\/wp-json\/wp\/v2\/media?parent=2486"}],"wp:term":[{"taxonomy":"category","embeddable":true,"href":"https:\/\/rosasinmobiliarias.com\/en\/wp-json\/wp\/v2\/categories?post=2486"},{"taxonomy":"post_tag","embeddable":true,"href":"https:\/\/rosasinmobiliarias.com\/en\/wp-json\/wp\/v2\/tags?post=2486"}],"curies":[{"name":"wp","href":"https:\/\/api.w.org\/{rel}","templated":true}]}}